{"id":346,"date":"2020-12-10T16:43:20","date_gmt":"2020-12-10T16:43:20","guid":{"rendered":"https:\/\/janespeaks.aglow.org\/our-solid-rock\/"},"modified":"2022-08-19T16:50:58","modified_gmt":"2022-08-19T16:50:58","slug":"our-solid-rock","status":"publish","type":"post","link":"https:\/\/janespeaks.aglow.org\/fr\/our-solid-rock\/","title":{"rendered":"Notre Rocher Solide"},"content":{"rendered":"\n<h2 class=\"wp-block-heading\">Christ le Rocher Solide<\/h2>\n\n\n\n<p>J\u2019ai re\u00e7u r\u00e9cemment une parole encourageante d\u2019une responsable Aglow d\u2019un autre pays \u00e0 qui le Seigneur avait demand\u00e9 de prier pour les Etats-Unis le jour des \u00e9lections. Cette responsable demanda \u00e0 un groupe de femmes ferventes dans la pri\u00e8re de l\u2019accompagner devant l\u2019ambassade am\u00e9ricaine de leur pays, et l\u00e0, sous la pluie, le groupe s\u2019est tenu devant l\u2019entr\u00e9e pour prier et interc\u00e9der pour les Etats-Unis. Leur geste m\u2019a vraiment touch\u00e9! Quelle le\u00e7on d\u2019humilit\u00e9 et de courage; c\u2019est magnifique et tellement n\u00e9cessaire.<\/p>\n\n\n\n<h2 class=\"wp-block-heading\">La Pri\u00e8re Comme Fondement<\/h2>\n\n\n\n<p>D\u00e8s ses d\u00e9buts, et partout dans le monde, le minist\u00e8re d\u2019Aglow s\u2019est b\u00e2ti sur le fondement de la pri\u00e8re. Par notre positionnement g\u00e9ographique et spirituel, nous croyons que Dieu entend nos pri\u00e8res et lib\u00e8re la volont\u00e9 du Ciel sur la terre. Ce que nous d\u00e9clarons de notre bouche est important.&nbsp;J\u2019ai ressenti en moi l\u2019urgence de prier et mes pens\u00e9es se sont tourn\u00e9es vers ce vieux cantique que nous connaissons bien. Regardez bien ces paroles.<\/p>\n\n\n\n<blockquote class=\"wp-block-quote is-layout-flow wp-block-quote-is-layout-flow\"><p><em>Mon espoir n\u2019est bas\u00e9 sur rien d\u2019autre que<\/em><br><em>le sang de J\u00e9sus et sa Justice,<\/em><br><em>Je n\u2019ose me confier ailleurs<\/em><br><em>que dans le seul nom de J\u00e9sus.<\/em><br><em>Je me tiens sur Christ, le solide Rocher<\/em><br><em>Tout le reste n\u2019est que sable mouvant<\/em><\/p><\/blockquote>\n\n\n\n<p>Et le refrain reprend cette m\u00eame phrase: TOUT le reste n\u2019est que sable mouvant.<\/p>\n\n\n\n<h2 class=\"wp-block-heading\">Christ le Rocher Solide<\/h2>\n\n\n\n<p>Quelle v\u00e9rit\u00e9! Et c\u2019est vrai dans tous les domaines de nos vies, pas seulement au niveau politique ou lors d\u2019\u00e9lections pr\u00e9sidentielles majeures. Nous pouvons faire l\u2019exp\u00e9rience de cette paix tous les jours de notre vie. Nous pouvons nous appuyer sur la puissance du nom de J\u00e9sus, notre rocher solide. Dieu a envoy\u00e9 Son fils pour nous montrer la voie.<\/p>\n\n\n\n<p>Je souris en pensant au passage de la Bible o\u00f9 J\u00e9sus se trouve dans la barque, au beau milieu de la temp\u00eate en Mer de Galil\u00e9e. Ses disciples \u00e9taient avec Lui, inquiets de voir l\u2019eau remplir la barque, et je me disais que dans une telle situation, personne ne peut dormir, et pourtant Lui, Il l\u2019a fait; J\u00e9sus s\u2019est endormi! La r\u00e9action des disciples indique clairement qu\u2019ils ne se sentaient pas consid\u00e9r\u00e9s alors que les vagues continuaient de les submerger: \u201cNe t\u2019inqui\u00e8tes-Tu pas de ce que nous p\u00e9rissons?\u201d S\u2019\u00e9tant r\u00e9veill\u00e9, Il mena\u00e7a le vent et dit \u00e0 la mer: \u201cSILENCE, TAIS-TOI\u201d et il y eut un grand calme.&nbsp;Ce qu\u2019Il leur dit ensuite dut les secouer fortement: \u201cpourquoi avez-vous ainsi peur?&nbsp;Comment n\u2019avez-vous point de foi?\u201d (Marc 4:35-41.)&nbsp;J\u00e9sus met au m\u00eame niveau la peur et le manque de foi.<\/p>\n\n\n\n<h2 class=\"wp-block-heading\">Aglow Est\u2026<\/h2>\n\n\n\n<p>Aglow est un corps de croyants remplis de foi\u2026.qui prend sa place\u2026partout dans le monde. Dieu nous a positionn\u00e9s pour d\u00e9clarer la foi dans l\u2019atmosph\u00e8re.<\/p>\n\n\n\n<p>NOUS SAVONS QU\u2019IL PREND SOIN DE NOUS. NOUS SAVONS QU\u2019IL EST PARFAITEMENT AU COURANT DES VAGUES QUI CHERCHENT \u00c0 NOUS SUBMERGER MAIS IL NOUS ADRESSE AUSSI CES M\u00caMES PAROLES: \u201cPOURQUOI AVEZ-VOUS PEUR?\u201d Rien de peut d\u00e9faire ou perturber Son plan ultime. Il compte sur nous pour nous tenir dans la foi, pour d\u00e9clarer Sa volont\u00e9\u2026amener le ciel sur la terre\u2026dans chaque situation.<\/p>\n\n\n\n<p>Continuez de lib\u00e9rer la foi dans l\u2019atmosph\u00e8re, sur les Etats-Unis et sur les nations du monde.<\/p>\n","protected":false},"excerpt":{"rendered":"<p>Christ le Rocher Solide J\u2019ai re\u00e7u r\u00e9cemment une parole encourageante d\u2019une responsable Aglow d\u2019un autre pays \u00e0 qui le Seigneur avait demand\u00e9 de prier pour les Etats-Unis le jour des \u00e9lections. Cette responsable demanda \u00e0 un groupe de femmes ferventes dans la pri\u00e8re de l\u2019accompagner devant l\u2019ambassade am\u00e9ricaine de leur pays, et l\u00e0, sous la&hellip;<\/p>\n","protected":false},"author":1,"featured_media":338,"comment_status":"open","ping_status":"open","sticky":false,"template":"","format":"standard","meta":{"footnotes":""},"categories":[32],"tags":[71],"class_list":["post-346","post","type-post","status-publish","format-standard","has-post-thumbnail","hentry","category-janes-blog-fr","tag-our-solid-rock-french"],"_links":{"self":[{"href":"https:\/\/janespeaks.aglow.org\/fr\/wp-json\/wp\/v2\/posts\/346","targetHints":{"allow":["GET"]}}],"collection":[{"href":"https:\/\/janespeaks.aglow.org\/fr\/wp-json\/wp\/v2\/posts"}],"about":[{"href":"https:\/\/janespeaks.aglow.org\/fr\/wp-json\/wp\/v2\/types\/post"}],"author":[{"embeddable":true,"href":"https:\/\/janespeaks.aglow.org\/fr\/wp-json\/wp\/v2\/users\/1"}],"replies":[{"embeddable":true,"href":"https:\/\/janespeaks.aglow.org\/fr\/wp-json\/wp\/v2\/comments?post=346"}],"version-history":[{"count":1,"href":"https:\/\/janespeaks.aglow.org\/fr\/wp-json\/wp\/v2\/posts\/346\/revisions"}],"predecessor-version":[{"id":348,"href":"https:\/\/janespeaks.aglow.org\/fr\/wp-json\/wp\/v2\/posts\/346\/revisions\/348"}],"wp:featuredmedia":[{"embeddable":true,"href":"https:\/\/janespeaks.aglow.org\/fr\/wp-json\/wp\/v2\/media\/338"}],"wp:attachment":[{"href":"https:\/\/janespeaks.aglow.org\/fr\/wp-json\/wp\/v2\/media?parent=346"}],"wp:term":[{"taxonomy":"category","embeddable":true,"href":"https:\/\/janespeaks.aglow.org\/fr\/wp-json\/wp\/v2\/categories?post=346"},{"taxonomy":"post_tag","embeddable":true,"href":"https:\/\/janespeaks.aglow.org\/fr\/wp-json\/wp\/v2\/tags?post=346"}],"curies":[{"name":"wp","href":"https:\/\/api.w.org\/{rel}","templated":true}]}}